{"id":811,"date":"2010-06-05T22:29:42","date_gmt":"2010-06-05T20:29:42","guid":{"rendered":"http:\/\/blog.gam-essen.de\/?p=811"},"modified":"2010-06-05T22:30:57","modified_gmt":"2010-06-05T20:30:57","slug":"gam-erstmals-in-basel-2","status":"publish","type":"post","link":"http:\/\/relaunch2024.galerie-obrist.de\/en\/gam-erstmals-in-basel-2\/","title":{"rendered":"GAM erstmals in Basel"},"content":{"rendered":"<p><a href=\"http:\/\/blog.gam-essen.de\/wp-content\/uploads\/2010\/06\/selecktion-logo-basel2010.jpg\"><\/a><a href=\"http:\/\/blog.gam-essen.de\/wp-content\/uploads\/2010\/06\/selection-basel2010.jpg\"><img loading=\"lazy\" decoding=\"async\" class=\"alignnone size-medium wp-image-808\" title=\"selection-basel2010\" src=\"http:\/\/blog.gam-essen.de\/wp-content\/uploads\/2010\/06\/selection-basel2010-297x300.jpg\" alt=\"selection-basel2010\" width=\"297\" height=\"300\" srcset=\"http:\/\/relaunch2024.galerie-obrist.de\/wp-content\/uploads\/2010\/06\/selection-basel2010-297x300.jpg 297w, http:\/\/relaunch2024.galerie-obrist.de\/wp-content\/uploads\/2010\/06\/selection-basel2010-100x100.jpg 100w, http:\/\/relaunch2024.galerie-obrist.de\/wp-content\/uploads\/2010\/06\/selection-basel2010.jpg 445w\" sizes=\"(max-width: 297px) 100vw, 297px\" \/><\/a><\/p>\n<p>Vom 14.-20. Juni stellt GAM Galerie Obrist auf der Selection Artfair Basel aus. Diese Kunstmesse findet bereits das zweite Mal w\u00e4hrend der Art Basel statt, und die Organisatoren freuen sich, &#8220;eine exklusive Auswahl internationaler Galerien &#8230;  pr\u00e4sentieren zu k\u00f6nnen. Die Teilnehmer zeigen zeitgen\u00f6ssische und moderne Kunst, Skulpturen, Fotografie und Papierarbeiten in einer angenehmen und pers\u00f6nlichen Atmosph\u00e4re.&#8221;<\/p>\n<p>GAM zeigt dort Arbeiten aus den aktuellen Ausstellungen, vorrangig Dieter Kr\u00e4nzlein, aber auch Marcela B\u00f6hm und Peter Schl\u00f6r. Wir freuen uns auf Ihren Besuch:<\/p>\n<p><a href=\"http:\/\/www.selection-art.com\/index.php?pid=10&amp;l=bd\" target=\"_blank\">Selection Artfair Basel<\/a><br \/>\n14.-20. Juni 2010, tgl. 11-21 Uhr<br \/>\nHalle 33,    Ecke Riehentorstrasse\/Claragraben<br \/>\n4058 Basel, Schweiz<\/p>\n","protected":false},"excerpt":{"rendered":"<p>Vom 14.-20. Juni stellt GAM Galerie Obrist auf der Selection Artfair Basel aus. Diese Kunstmesse findet bereits das zweite Mal w\u00e4hrend der Art Basel statt, und die Organisatoren freuen sich, &#8220;eine exklusive Auswahl internationaler Galerien &#8230; pr\u00e4sentieren zu k\u00f6nnen. Die Teilnehmer zeigen zeitgen\u00f6ssische und moderne Kunst, Skulpturen, Fotografie und Papierarbeiten in einer angenehmen und pers\u00f6nlichen &hellip; <\/p>\n<p class=\"link-more\"><a href=\"http:\/\/relaunch2024.galerie-obrist.de\/en\/gam-erstmals-in-basel-2\/\" class=\"more-link\">Read more<span class=\"screen-reader-text\"> &#8220;GAM erstmals in Basel&#8221;<\/span><\/a><\/p>\n","protected":false},"author":2,"featured_media":0,"comment_status":"open","ping_status":"open","sticky":false,"template":"","format":"standard","meta":{"ngg_post_thumbnail":0,"footnotes":""},"categories":[78],"tags":[79,13,23,17,38,64,351],"translation":{"provider":"WPGlobus","version":"2.12.2","language":"en","enabled_languages":["de","en"],"languages":{"de":{"title":true,"content":true,"excerpt":false},"en":{"title":false,"content":false,"excerpt":false}}},"featured_media_urls":[],"_links":{"self":[{"href":"http:\/\/relaunch2024.galerie-obrist.de\/en\/wp-json\/wp\/v2\/posts\/811"}],"collection":[{"href":"http:\/\/relaunch2024.galerie-obrist.de\/en\/wp-json\/wp\/v2\/posts"}],"about":[{"href":"http:\/\/relaunch2024.galerie-obrist.de\/en\/wp-json\/wp\/v2\/types\/post"}],"author":[{"embeddable":true,"href":"http:\/\/relaunch2024.galerie-obrist.de\/en\/wp-json\/wp\/v2\/users\/2"}],"replies":[{"embeddable":true,"href":"http:\/\/relaunch2024.galerie-obrist.de\/en\/wp-json\/wp\/v2\/comments?post=811"}],"version-history":[{"count":3,"href":"http:\/\/relaunch2024.galerie-obrist.de\/en\/wp-json\/wp\/v2\/posts\/811\/revisions"}],"predecessor-version":[{"id":814,"href":"http:\/\/relaunch2024.galerie-obrist.de\/en\/wp-json\/wp\/v2\/posts\/811\/revisions\/814"}],"wp:attachment":[{"href":"http:\/\/relaunch2024.galerie-obrist.de\/en\/wp-json\/wp\/v2\/media?parent=811"}],"wp:term":[{"taxonomy":"category","embeddable":true,"href":"http:\/\/relaunch2024.galerie-obrist.de\/en\/wp-json\/wp\/v2\/categories?post=811"},{"taxonomy":"post_tag","embeddable":true,"href":"http:\/\/relaunch2024.galerie-obrist.de\/en\/wp-json\/wp\/v2\/tags?post=811"}],"curies":[{"name":"wp","href":"https:\/\/api.w.org\/{rel}","templated":true}]}}