{"id":393,"date":"2009-07-25T20:00:30","date_gmt":"2009-07-25T18:00:30","guid":{"rendered":"http:\/\/blog.gam-essen.de\/?p=393"},"modified":"2009-07-24T09:52:14","modified_gmt":"2009-07-24T07:52:14","slug":"galerieferien-2707-0708","status":"publish","type":"post","link":"http:\/\/relaunch2024.galerie-obrist.de\/en\/galerieferien-2707-0708\/","title":{"rendered":"Galerieferien 27.07.-07.08."},"content":{"rendered":"<p>Vom 27. Juli bis 7. August machen wir Galerieferien. Ab Samstag, 8. August sind wir zu den normalen \u00d6ffnungszeiten wieder f\u00fcr Sie da.<\/p>\n<p>Sollten Sie in der Zwischenzeit Fragen haben, ist Juri Czyborra w\u00e4hrend der Ferien unter 0176 207 049 87 erreichbar.<\/p>\n","protected":false},"excerpt":{"rendered":"<p>Vom 27. Juli bis 7. August machen wir Galerieferien. Ab Samstag, 8. August sind wir zu den normalen \u00d6ffnungszeiten wieder f\u00fcr Sie da. Sollten Sie in der Zwischenzeit Fragen haben, ist Juri Czyborra w\u00e4hrend der Ferien unter 0176 207 049 87 erreichbar.<\/p>\n","protected":false},"author":2,"featured_media":0,"comment_status":"open","ping_status":"open","sticky":false,"template":"","format":"standard","meta":{"ngg_post_thumbnail":0,"footnotes":""},"categories":[1],"tags":[],"translation":{"provider":"WPGlobus","version":"2.12.2","language":"en","enabled_languages":["de","en"],"languages":{"de":{"title":true,"content":true,"excerpt":false},"en":{"title":false,"content":false,"excerpt":false}}},"featured_media_urls":[],"_links":{"self":[{"href":"http:\/\/relaunch2024.galerie-obrist.de\/en\/wp-json\/wp\/v2\/posts\/393"}],"collection":[{"href":"http:\/\/relaunch2024.galerie-obrist.de\/en\/wp-json\/wp\/v2\/posts"}],"about":[{"href":"http:\/\/relaunch2024.galerie-obrist.de\/en\/wp-json\/wp\/v2\/types\/post"}],"author":[{"embeddable":true,"href":"http:\/\/relaunch2024.galerie-obrist.de\/en\/wp-json\/wp\/v2\/users\/2"}],"replies":[{"embeddable":true,"href":"http:\/\/relaunch2024.galerie-obrist.de\/en\/wp-json\/wp\/v2\/comments?post=393"}],"version-history":[{"count":1,"href":"http:\/\/relaunch2024.galerie-obrist.de\/en\/wp-json\/wp\/v2\/posts\/393\/revisions"}],"predecessor-version":[{"id":394,"href":"http:\/\/relaunch2024.galerie-obrist.de\/en\/wp-json\/wp\/v2\/posts\/393\/revisions\/394"}],"wp:attachment":[{"href":"http:\/\/relaunch2024.galerie-obrist.de\/en\/wp-json\/wp\/v2\/media?parent=393"}],"wp:term":[{"taxonomy":"category","embeddable":true,"href":"http:\/\/relaunch2024.galerie-obrist.de\/en\/wp-json\/wp\/v2\/categories?post=393"},{"taxonomy":"post_tag","embeddable":true,"href":"http:\/\/relaunch2024.galerie-obrist.de\/en\/wp-json\/wp\/v2\/tags?post=393"}],"curies":[{"name":"wp","href":"https:\/\/api.w.org\/{rel}","templated":true}]}}